{"id":477,"date":"2018-05-10T13:33:03","date_gmt":"2018-05-10T11:33:03","guid":{"rendered":"http:\/\/www.skpzilina.sk\/?p=477"},"modified":"2018-05-14T10:01:23","modified_gmt":"2018-05-14T08:01:23","slug":"pretekari-skp-zilina-na-1-vom-kole-atletickej-ligy-muzov-a-zien-v-kosiciach","status":"publish","type":"post","link":"https:\/\/www.skpzilina.sk\/?p=477","title":{"rendered":"Pretek\u00e1ri \u0160KP \u017dilina na 1-vom kole atletickej ligy mu\u017eov a \u017eien v Ko\u0161iciach"},"content":{"rendered":"<p>[vc_row][vc_column][vc_column_text]V r\u00e1mci 1-v\u00e9ho kola atletickej ligy z\u00e1vodil aj Pavol Melo na 800m, Dami\u00e1n Cesnek na 1500m, Emka Paul\u00edniov\u00e1 na 800m a Mi\u0161ka Comov\u00e1 v dia\u013eke a na 200m. Na\u0161i pretek\u00e1ri svoj\u00edmi v\u00fdkonmi zaostali tesne za svoj\u00edmi osobn\u00fdmi v\u00fdkonmi.[\/vc_column_text][\/vc_column][\/vc_row][vc_row][vc_column][mk_gallery images=&#8220;488,489,487,486,485,484,483,482&#8243;][\/vc_column][\/vc_row]<\/p>\n","protected":false},"excerpt":{"rendered":"<p>[vc_row][vc_column][vc_column_text]V r\u00e1mci 1-v\u00e9ho kola atletickej ligy z\u00e1vodil aj Pavol Melo na 800m, Dami\u00e1n Cesnek na 1500m, Emka Paul\u00edniov\u00e1 na 800m a Mi\u0161ka Comov\u00e1 v dia\u013eke a na 200m. Na\u0161i pretek\u00e1ri svoj\u00edmi v\u00fdkonmi zaostali tesne za svoj\u00edmi osobn\u00fdmi v\u00fdkonmi.[\/vc_column_text][\/vc_column][\/vc_row][vc_row][vc_column][mk_gallery images=&#8220;488,489,487,486,485,484,483,482&#8243;][\/vc_column][\/vc_row]<\/p>\n","protected":false},"author":2,"featured_media":486,"comment_status":"open","ping_status":"open","sticky":false,"template":"","format":"standard","meta":{"footnotes":""},"categories":[7],"tags":[],"class_list":["post-477","post","type-post","status-publish","format-standard","has-post-thumbnail","hentry","category-nase-sportovanie"],"_links":{"self":[{"href":"https:\/\/www.skpzilina.sk\/index.php?rest_route=\/wp\/v2\/posts\/477"}],"collection":[{"href":"https:\/\/www.skpzilina.sk\/index.php?rest_route=\/wp\/v2\/posts"}],"about":[{"href":"https:\/\/www.skpzilina.sk\/index.php?rest_route=\/wp\/v2\/types\/post"}],"author":[{"embeddable":true,"href":"https:\/\/www.skpzilina.sk\/index.php?rest_route=\/wp\/v2\/users\/2"}],"replies":[{"embeddable":true,"href":"https:\/\/www.skpzilina.sk\/index.php?rest_route=%2Fwp%2Fv2%2Fcomments&post=477"}],"version-history":[{"count":3,"href":"https:\/\/www.skpzilina.sk\/index.php?rest_route=\/wp\/v2\/posts\/477\/revisions"}],"predecessor-version":[{"id":1523,"href":"https:\/\/www.skpzilina.sk\/index.php?rest_route=\/wp\/v2\/posts\/477\/revisions\/1523"}],"wp:featuredmedia":[{"embeddable":true,"href":"https:\/\/www.skpzilina.sk\/index.php?rest_route=\/wp\/v2\/media\/486"}],"wp:attachment":[{"href":"https:\/\/www.skpzilina.sk\/index.php?rest_route=%2Fwp%2Fv2%2Fmedia&parent=477"}],"wp:term":[{"taxonomy":"category","embeddable":true,"href":"https:\/\/www.skpzilina.sk\/index.php?rest_route=%2Fwp%2Fv2%2Fcategories&post=477"},{"taxonomy":"post_tag","embeddable":true,"href":"https:\/\/www.skpzilina.sk\/index.php?rest_route=%2Fwp%2Fv2%2Ftags&post=477"}],"curies":[{"name":"wp","href":"https:\/\/api.w.org\/{rel}","templated":true}]}}